{
  "@components": {
    "actions": {
      "@id": "https://www.clinicasantjosep.cat/csj-1/serveis-medics/unitats-especialitzades/unitat-memoria-neurologia-neuropsicologia/@actions"
    }, 
    "breadcrumbs": {
      "@id": "https://www.clinicasantjosep.cat/csj-1/serveis-medics/unitats-especialitzades/unitat-memoria-neurologia-neuropsicologia/@breadcrumbs"
    }, 
    "navigation": {
      "@id": "https://www.clinicasantjosep.cat/csj-1/serveis-medics/unitats-especialitzades/unitat-memoria-neurologia-neuropsicologia/@navigation"
    }, 
    "workflow": {
      "@id": "https://www.clinicasantjosep.cat/csj-1/serveis-medics/unitats-especialitzades/unitat-memoria-neurologia-neuropsicologia/@workflow"
    }
  }, 
  "@id": "https://www.clinicasantjosep.cat/csj-1/serveis-medics/unitats-especialitzades/unitat-memoria-neurologia-neuropsicologia", 
  "@type": "unitatespecialitzada", 
  "UID": "e0533946356f403784fd338c986a5d34", 
  "allow_discussion": false, 
  "changeNote": "", 
  "contributors": [], 
  "created": "2019-05-06T11:10:46+00:00", 
  "creators": [
    "admin"
  ], 
  "description": "Unitat de Mem\u00f2ria", 
  "effective": "2019-05-06T11:10:00", 
  "exclude_from_nav": false, 
  "expires": null, 
  "id": "unitat-memoria-neurologia-neuropsicologia", 
  "image": {
    "content-type": "image/jpeg", 
    "download": "https://www.clinicasantjosep.cat/csj-1/serveis-medics/unitats-especialitzades/unitat-memoria-neurologia-neuropsicologia/@@images/76069f95-db69-4163-9921-2d0a3b897ac2.jpeg", 
    "filename": "2148207255.jpg", 
    "height": 1000, 
    "scales": {
      "icon": {
        "download": "https://www.clinicasantjosep.cat/csj-1/serveis-medics/unitats-especialitzades/unitat-memoria-neurologia-neuropsicologia/@@images/5c995353-bc16-4dcc-8207-d994e9066e33.jpeg", 
        "height": 21, 
        "width": 32
      }, 
      "large": {
        "download": "https://www.clinicasantjosep.cat/csj-1/serveis-medics/unitats-especialitzades/unitat-memoria-neurologia-neuropsicologia/@@images/90b14a9d-ad89-456c-9d67-926f9801710d.jpeg", 
        "height": 512, 
        "width": 768
      }, 
      "listing": {
        "download": "https://www.clinicasantjosep.cat/csj-1/serveis-medics/unitats-especialitzades/unitat-memoria-neurologia-neuropsicologia/@@images/f914ab42-5d9e-4203-b8b8-c6a22090245b.jpeg", 
        "height": 10, 
        "width": 16
      }, 
      "mini": {
        "download": "https://www.clinicasantjosep.cat/csj-1/serveis-medics/unitats-especialitzades/unitat-memoria-neurologia-neuropsicologia/@@images/753ad4de-ab78-4b4f-9f13-3d0673874d41.jpeg", 
        "height": 133, 
        "width": 200
      }, 
      "preview": {
        "download": "https://www.clinicasantjosep.cat/csj-1/serveis-medics/unitats-especialitzades/unitat-memoria-neurologia-neuropsicologia/@@images/7eeef23b-d943-4708-af8d-fdc186a26472.jpeg", 
        "height": 266, 
        "width": 400
      }, 
      "thumb": {
        "download": "https://www.clinicasantjosep.cat/csj-1/serveis-medics/unitats-especialitzades/unitat-memoria-neurologia-neuropsicologia/@@images/c390a972-b072-46f4-97f6-bd8aaac4d745.jpeg", 
        "height": 85, 
        "width": 128
      }, 
      "tile": {
        "download": "https://www.clinicasantjosep.cat/csj-1/serveis-medics/unitats-especialitzades/unitat-memoria-neurologia-neuropsicologia/@@images/7167bad0-13d9-4257-8a45-cea8ee3a3f47.jpeg", 
        "height": 42, 
        "width": 64
      }
    }, 
    "size": 913183, 
    "width": 1500
  }, 
  "is_folderish": false, 
  "language": {
    "title": "Catal\u00e0", 
    "token": "ca"
  }, 
  "layout": "document_view", 
  "modified": "2026-01-28T15:27:48+00:00", 
  "parent": {
    "@id": "https://www.clinicasantjosep.cat/csj-1/serveis-medics/unitats-especialitzades", 
    "@type": "Folder", 
    "description": "", 
    "review_state": "published", 
    "title": "Unitats especialitzades"
  }, 
  "relatedItems": [], 
  "review_state": "published", 
  "rights": null, 
  "subjects": [
    "unitat memoria", 
    "neurologia", 
    "neuropsicologia", 
    "unitat especialitzada"
  ], 
  "table_of_contents": false, 
  "text": {
    "content-type": "text/html", 
    "data": "<h1>Unitat de Mem\u00f2ria\u00a0</h1>\r\n<div class=\"mceTmpl\">\r\n<div class=\"row ui grid text-image-container\">\r\n<div class=\"col-xs-12 col-md-6 twelve wide mobile six wide computer column text-image-left-container\">\r\n<h5><strong>UNA UNITAT ESPECIALITZADA PER DIAGNOSTICAR I ACOMPANYAR</strong></h5>\r\n<p>La <strong data-start=\"469\" data-end=\"530\">Unitat de Mem\u00f2ria de la Cl\u00ednica Sant Josep</strong> ofereix una atenci\u00f3 altament especialitzada per a l\u2019avaluaci\u00f3, el diagn\u00f2stic i el seguiment dels trastorns de la mem\u00f2ria i d\u2019altres alteracions cognitives. Es tracta d\u2019un servei <strong data-start=\"709\" data-end=\"717\">\u00fanic a la Catalunya Central</strong>, basat en un <strong data-start=\"731\" data-end=\"771\">model assistencial multidisciplinari</strong>, que integra de manera coordinada la tasca d\u2019un\u00a0<strong data-start=\"820\" data-end=\"832\">neur\u00f2leg</strong> i un <strong data-start=\"838\" data-end=\"862\">neuropsic\u00f2leg cl\u00ednic</strong> especialitzat. La unitat est\u00e0 especialment orientada a <strong>persones adultes(a partir de 16 anys) amb sospita de deteriorament cognitiu lleu, dem\u00e8ncies en fases inicials o alteracions cognitives d\u2019origen neurol\u00f2gic, vascular o mixt.</strong></p>\r\n<p>Aquesta col\u00b7laboraci\u00f3 estreta garanteix una aproximaci\u00f3 <strong data-start=\"935\" data-end=\"992\">rigorosa i completa,\u00a0</strong>clau per a<strong> la detecci\u00f3 preco\u00e7 i el diagn\u00f2stic</strong>\u00a0de les principals malalties que afecten la mem\u00f2ria.</p>\r\n<h5><strong>DIAGN\u00d2STIC AVAN\u00c7AT I BIOMARCADORS</strong></h5>\r\n<p>L'equip disposa de la possibilitat de realitzar <strong data-start=\"2453\" data-end=\"2491\">proves avan\u00e7ades d\u2019imatge cerebral</strong> i <strong data-start=\"2494\" data-end=\"2578\">an\u00e0lisis sangu\u00ednies per a la detecci\u00f3 de biomarcadors de la malaltia d\u2019Alzheimer</strong>, amb l\u2019objectiu de millorar la precisi\u00f3 diagn\u00f2stica i identificar la malaltia en fases inicials.</p>\r\n<p>La missi\u00f3 de la Unitat de Mem\u00f2ria de la Cl\u00ednica Sant Josep \u00e9s oferir una <strong data-start=\"3338\" data-end=\"3378\">atenci\u00f3 personalitzada i de qualitat</strong>, orientada no nom\u00e9s al diagn\u00f2stic, sin\u00f3 tamb\u00e9 a l\u2019<strong data-start=\"3429\" data-end=\"3476\">acompanyament del pacient i la seva fam\u00edlia</strong>, contribuint a millorar el pron\u00f2stic i la qualitat de vida.</p>\r\n<table style=\"height: 219px; width: 100%; border-collapse: collapse;\" border=\"0\">\r\n<tbody>\r\n<tr style=\"height: 109px;\">\r\n<td style=\"width: 50%; height: 109px;\">\r\n<p style=\"text-align: center;\"><img src=\"https://www.clinicasantjosep.cat/csj-1/imatges/01telf.png\" data-linktype=\"image\" title=\"Tel\u00e8fon\" alt=\"01telf.png\" data-val=\"dba602ea44f1453995a8110022b36f43\" class=\"image-inline\" /></p>\r\n<p style=\"text-align: center;\"><a href=\"tel:938744050\">93 874 42 98</a></p>\r\n</td>\r\n<td style=\"width: 50%; height: 109px;\">\r\n<p style=\"text-align: center;\"><img src=\"https://www.clinicasantjosep.cat/csj-1/imatges/02calendari.png\" data-linktype=\"image\" title=\"Dies\" alt=\"02calendari.png\" data-val=\"2f4b0ab3d53b4734921bd1424bf91401\" class=\"image-inline\" /></p>\r\n<p style=\"text-align: center;\">de dilluns<br />a divendres</p>\r\n</td>\r\n</tr>\r\n<tr style=\"height: 21px;\">\r\n<td style=\"width: 50%; height: 21px;\">\r\n<p style=\"text-align: center;\"><img src=\"https://www.clinicasantjosep.cat/csj-1/imatges/03clock.png\" data-linktype=\"image\" title=\"Horari\" alt=\"03clock.png\" data-val=\"516e31a76c834daf8fcef78666df72e8\" class=\"image-inline\" /></p>\r\n<p style=\"text-align: center;\">8:00h a 21:00h</p>\r\n</td>\r\n<td style=\"width: 50%; height: 21px;\">\u00a0\r\n<p style=\"text-align: center;\"><img src=\"https://www.clinicasantjosep.cat/csj-1/imatges/04arrova.png\" data-linktype=\"image\" title=\"Correu electr\u00f2nic\" alt=\"04arrova.png\" data-val=\"ac0a3bdd0a00487e84f678c2da8c15e8\" class=\"image-inline\" /></p>\r\n<p style=\"text-align: center;\">visites@clinicasantjosep.cat</p>\r\n</td>\r\n</tr>\r\n</tbody>\r\n</table>\r\n<p style=\"text-align: center;\">\u00a0\u00a0</p>\r\n</div>\r\n<div class=\"col-xs-12 col-md-6 twelve wide mobile six wide computer column text-image-right-container\"><img src=\"https://www.clinicasantjosep.cat/csj-1/imatges/2149043753.jpg/@@images/a12c7e42-8521-4738-b84f-b23e0a236c41.jpeg\" data-linktype=\"image\" title=\"unitat mem\u00f2ria 1\" data-scale=\"large\" data-val=\"559f0fe72a924ef5a220fdd7b20acc54\" alt=\"2149043753.jpg\" /></div>\r\n</div>\r\n</div>\r\n<p>\u00a0</p>\r\n<form id=\"tabs-862\" class=\"tabs-group\">\r\n<div id=\"tab-3399\" class=\"tab\"><input id=\"tab-input-3399\" checked=\"checked\" name=\"tab-group\" type=\"radio\" /> <label class=\"tab-heading with-icon\" for=\"tab-input-3399\"><label class=\"tab-heading with-icon\" for=\"tab-input-3399\"><img src=\"https://www.clinicasantjosep.cat/csj-1/imatges/icona_pacients.png\" data-linktype=\"image\" title=\"Pacients\" alt=\"icona_pacients.png\" data-val=\"4072724b04d2457a8e2d9dc94b605e03\" class=\"image-inline\" /><span class=\"tab-title\">PATOLOGIES</span></label></label>\r\n<div class=\"icon-down-container\"><img class=\"tab-icon-down\" src=\"../../../angle-arrow-pointing-down.svg\" /></div>\r\n<div class=\"tab-content\">\r\n<div class=\"mceTmpl\">\r\n<div class=\"row ui grid text-image-container\">\r\n<div class=\"col-xs-12 col-md-6 twelve wide mobile six wide computer column text-image-left-container\">\r\n<h3>PATOLOGIES</h3>\r\n<p data-start=\"1135\" data-end=\"1207\">La Unitat de Mem\u00f2ria est\u00e0 orientada principalment a poblaci\u00f3 adulta, a partir dels 16 anys, amb:</p>\r\n<ul data-start=\"1208\" data-end=\"1380\">\r\n<li data-start=\"1208\" data-end=\"1245\">\r\n<p data-start=\"1210\" data-end=\"1245\"><strong>Sospita de deteriorament cognitiu: p\u00e8rdues de mem\u00f2ria persistents, d\u00e8ficit d'atenci\u00f3, falta de concentraci\u00f3, etc.</strong></p>\r\n</li>\r\n<li data-start=\"1246\" data-end=\"1277\">\r\n<p data-start=\"1248\" data-end=\"1277\">Deteriorament cognitiu lleu</p>\r\n</li>\r\n<li data-start=\"1278\" data-end=\"1309\">\r\n<p data-start=\"1280\" data-end=\"1309\"><strong>Dem\u00e8ncies en fases inicials</strong></p>\r\n</li>\r\n<li data-start=\"1310\" data-end=\"1380\">\r\n<p data-start=\"1312\" data-end=\"1380\"><strong>Altres alteracions cognitives</strong> d\u2019origen neurol\u00f2gic, vascular o mixt</p>\r\n</li>\r\n</ul>\r\n<p>\u00a0</p>\r\n</div>\r\n<div class=\"col-xs-12 col-md-6 twelve wide mobile six wide computer column text-image-right-container\"><img src=\"https://www.clinicasantjosep.cat/csj-1/imatges/2148207255-1.jpg/@@images/ac82fb71-6d4d-4f72-a9dc-82376b5351d5.jpeg\" data-linktype=\"image\" title=\"unitat memoria 2\" data-scale=\"large\" data-val=\"47a00d3f826847e4851efd0f1d65ac06\" alt=\"2148207255.jpg\" /></div>\r\n</div>\r\n</div>\r\n<p>\u00a0</p>\r\n</div>\r\n</div>\r\n<div id=\"tab-3400\" class=\"tab\"><input id=\"tab-input-3400\" name=\"tab-group\" type=\"radio\" /> <label class=\"tab-heading with-icon\" for=\"tab-input-3400\"><label class=\"tab-heading with-icon\" for=\"tab-input-3400\"><img src=\"https://www.clinicasantjosep.cat/csj-1/imatges/icona_subespecialitat.png\" data-linktype=\"image\" title=\"subespecialitats\" alt=\"icona_subespecialitat.png\" data-val=\"33bb7880cfac4a758be7d578591d82dc\" class=\"image-inline\" /><span style=\"text-transform: uppercase;\">TRACTAMENTS</span></label></label>\r\n<div class=\"tab-content\">\r\n<div class=\"mceTmpl\">\r\n<div class=\"row ui grid text-image-container\">\r\n<div class=\"col-xs-12 col-md-6 twelve wide mobile six wide computer column text-image-left-container\">\r\n<h3>AVALUACIONS NEUROL\u00d2GIQUES</h3>\r\n<ul>\r\n<li>\r\n<p data-start=\"1437\" data-end=\"1739\">L\u2019<strong data-start=\"1439\" data-end=\"1464\">avaluaci\u00f3 neurol\u00f2gica</strong> permet identificar les causes m\u00e8diques i neurol\u00f2giques del deteriorament cognitiu. De manera complement\u00e0ria, l\u2019<strong data-start=\"1576\" data-end=\"1606\">avaluaci\u00f3 neuropsicol\u00f2gica</strong> ofereix una an\u00e0lisi detallada del funcionament dels diferents dominis cognitius i del seu impacte en la vida quotidiana del pacient.</p>\r\n<p data-start=\"1741\" data-end=\"1800\"><strong>L\u2019estudi neuropsicol\u00f2gic</strong> inclou l\u2019avaluaci\u00f3 sistem\u00e0tica de:</p>\r\n<ul data-start=\"1801\" data-end=\"1957\">\r\n<li data-start=\"1801\" data-end=\"1840\">\r\n<p data-start=\"1803\" data-end=\"1840\">Atenci\u00f3 i velocitat de processament</p>\r\n</li>\r\n<li data-start=\"1841\" data-end=\"1868\">\r\n<p data-start=\"1843\" data-end=\"1868\">Mem\u00f2ria verbal i visual</p>\r\n</li>\r\n<li data-start=\"1869\" data-end=\"1883\">\r\n<p data-start=\"1871\" data-end=\"1883\">Llenguatge</p>\r\n</li>\r\n<li data-start=\"1884\" data-end=\"1907\">\r\n<p data-start=\"1886\" data-end=\"1907\">Funcions executives</p>\r\n</li>\r\n<li data-start=\"1908\" data-end=\"1957\">\r\n<p data-start=\"1910\" data-end=\"1957\">Habilitats visuoespacials i visoconstructives</p>\r\n</li>\r\n</ul>\r\n<p data-start=\"1959\" data-end=\"2112\">Quan \u00e9s cl\u00ednicament pertinent, tamb\u00e9 s\u2019exploren <strong>aspectes emocionals i conductuals</strong> que poden influir en el rendiment cognitiu o en la presentaci\u00f3 cl\u00ednica.</p>\r\n<p data-start=\"2114\" data-end=\"2302\">Les proves utilitzades s\u00f3n <strong data-start=\"2141\" data-end=\"2183\">instruments estandarditzats i validats</strong>, amb barems normatius ajustats per edat i nivell educatiu, fet que garanteix una interpretaci\u00f3 acurada dels resultats.</p>\r\n</li>\r\n</ul>\r\n<p>\u00a0</p>\r\n<p>\u00a0</p>\r\n</div>\r\n<div class=\"col-xs-12 col-md-6 twelve wide mobile six wide computer column text-image-right-container\"><img src=\"https://www.clinicasantjosep.cat/csj-1/imatges/unitat-de-memoria-01.jpg/@@images/375b5343-391c-45c0-ba0a-292b144f22d7.jpeg\" data-linktype=\"image\" title=\"Unitat memoria 3\" data-scale=\"large\" data-val=\"195bc4463d16412fa044a9bcfc93d316\" alt=\"Unitat-de-memoria-01.jpg\" /></div>\r\n<div class=\"col-xs-12 col-md-6 twelve wide mobile six wide computer column text-image-right-container\">\u00a0</div>\r\n</div>\r\n</div>\r\n<div class=\"mceTmpl\">\r\n<div class=\"row ui grid grid-50-50-container\">\u00a0</div>\r\n</div>\r\n<div class=\"mceTmpl\">\r\n<div class=\"row ui grid grid-50-50-container\">\r\n<div class=\"col-xs-12 col-md-6 twelve wide mobile six wide computer column grid-50-50-container\">\u00a0</div>\r\n</div>\r\n</div>\r\n<p>\u00a0</p>\r\n<p><img class=\"image-inline\" src=\"../../../resolveuid/440292917f0f4c01afcfacff7fe04769/@@images/image/large\" alt=\"\" data-linktype=\"image\" data-scale=\"large\" data-val=\"440292917f0f4c01afcfacff7fe04769\" /></p>\r\n</div>\r\n</div>\r\n</form>\r\n<p>\u00a0</p>\r\n<p>\u00a0</p>\r\n<p>\u00a0</p>\r\n<p>\u00a0</p>\r\n<p>\u00a0</p>", 
    "encoding": "utf-8"
  }, 
  "title": "Unitat de Mem\u00f2ria", 
  "version": "current", 
  "versioning_enabled": true
}